{"id":998,"date":"2025-01-07T21:19:35","date_gmt":"2025-01-07T21:19:35","guid":{"rendered":"https:\/\/asamadeira.org\/?p=998"},"modified":"2025-01-07T21:20:20","modified_gmt":"2025-01-07T21:20:20","slug":"projetos-sociais-2025-dois-projetos-em-atividade","status":"publish","type":"post","link":"https:\/\/asamadeira.org\/?p=998","title":{"rendered":"Projetos Sociais 2025: dois projetos em atividade"},"content":{"rendered":"\n<p>No ano de 2025 e depois das candidaturas feitas e aguardando que sejam apoiadas, a ASA ir\u00e1 desenvolver o projeto &#8220;+ Habita\u00e7\u00e3o&#8221; financiado pela C\u00e2mara Municipal do Funchal e que visam conceder apoios para a valoriza\u00e7\u00e3o das habita\u00e7\u00f5es dos residentes no Concelho do Funchal que se enquadrem nos regulamentos do projeto e o &#8220;Proinf\u00e2ncia&#8221;, uma iniciativa que tem por objetivo colaborar com fam\u00edlias de fracos recursos e que t\u00eam filhos com dificuldades de aprendizagem, concedendo refor\u00e7os educativos e outros. Este \u00e9 suportado pela Funda\u00e7\u00e3o La Caixa.<\/p>\n\n\n\n<p>Paralelamente, ir\u00e1 promover pequenas a\u00e7\u00f5es financiadas por privados e empresas parceiras e que poder\u00e3o ser dirgidos apoios nas mais diversas \u00e1reas: educa\u00e7\u00e3o, social, reabilita\u00e7\u00e3o e tratamento, alimentar, etc..<\/p>\n\n\n\n<p><\/p>\n\n\n\n<figure class=\"wp-block-image size-large\"><img loading=\"lazy\" decoding=\"async\" width=\"1024\" height=\"576\" src=\"https:\/\/asamadeira.org\/wp-content\/uploads\/2023\/07\/Imagem-WhatsApp-2023-07-20-as-15.00.22-1024x576.jpg\" alt=\"\" class=\"wp-image-760\" srcset=\"https:\/\/asamadeira.org\/wp-content\/uploads\/2023\/07\/Imagem-WhatsApp-2023-07-20-as-15.00.22-1024x576.jpg 1024w, https:\/\/asamadeira.org\/wp-content\/uploads\/2023\/07\/Imagem-WhatsApp-2023-07-20-as-15.00.22-300x169.jpg 300w, https:\/\/asamadeira.org\/wp-content\/uploads\/2023\/07\/Imagem-WhatsApp-2023-07-20-as-15.00.22-768x432.jpg 768w, https:\/\/asamadeira.org\/wp-content\/uploads\/2023\/07\/Imagem-WhatsApp-2023-07-20-as-15.00.22-1536x864.jpg 1536w, https:\/\/asamadeira.org\/wp-content\/uploads\/2023\/07\/Imagem-WhatsApp-2023-07-20-as-15.00.22-850x478.jpg 850w, https:\/\/asamadeira.org\/wp-content\/uploads\/2023\/07\/Imagem-WhatsApp-2023-07-20-as-15.00.22.jpg 1920w\" sizes=\"(max-width: 1024px) 100vw, 1024px\" \/><\/figure>\n","protected":false},"excerpt":{"rendered":"<p>No ano de 2025 e depois das candidaturas feitas e aguardando que sejam apoiadas, a ASA ir\u00e1 desenvolver o projeto &#8220;+ Habita\u00e7\u00e3o&#8221; financiado pela C\u00e2mara Municipal do Funchal e que visam conceder apoios para a valoriza\u00e7\u00e3o das habita\u00e7\u00f5es dos residentes no Concelho do Funchal que se enquadrem nos regulamentos do projeto e o &#8220;Proinf\u00e2ncia&#8221;, uma&#8230;<\/p>\n","protected":false},"author":3,"featured_media":663,"comment_status":"open","ping_status":"open","sticky":false,"template":"","format":"standard","meta":{"footnotes":""},"categories":[1],"tags":[],"class_list":["post-998","post","type-post","status-publish","format-standard","has-post-thumbnail","hentry","category-uncategorized"],"_links":{"self":[{"href":"https:\/\/asamadeira.org\/index.php?rest_route=\/wp\/v2\/posts\/998"}],"collection":[{"href":"https:\/\/asamadeira.org\/index.php?rest_route=\/wp\/v2\/posts"}],"about":[{"href":"https:\/\/asamadeira.org\/index.php?rest_route=\/wp\/v2\/types\/post"}],"author":[{"embeddable":true,"href":"https:\/\/asamadeira.org\/index.php?rest_route=\/wp\/v2\/users\/3"}],"replies":[{"embeddable":true,"href":"https:\/\/asamadeira.org\/index.php?rest_route=%2Fwp%2Fv2%2Fcomments&post=998"}],"version-history":[{"count":2,"href":"https:\/\/asamadeira.org\/index.php?rest_route=\/wp\/v2\/posts\/998\/revisions"}],"predecessor-version":[{"id":1000,"href":"https:\/\/asamadeira.org\/index.php?rest_route=\/wp\/v2\/posts\/998\/revisions\/1000"}],"wp:featuredmedia":[{"embeddable":true,"href":"https:\/\/asamadeira.org\/index.php?rest_route=\/wp\/v2\/media\/663"}],"wp:attachment":[{"href":"https:\/\/asamadeira.org\/index.php?rest_route=%2Fwp%2Fv2%2Fmedia&parent=998"}],"wp:term":[{"taxonomy":"category","embeddable":true,"href":"https:\/\/asamadeira.org\/index.php?rest_route=%2Fwp%2Fv2%2Fcategories&post=998"},{"taxonomy":"post_tag","embeddable":true,"href":"https:\/\/asamadeira.org\/index.php?rest_route=%2Fwp%2Fv2%2Ftags&post=998"}],"curies":[{"name":"wp","href":"https:\/\/api.w.org\/{rel}","templated":true}]}}