{"id":984,"date":"2024-12-15T20:21:25","date_gmt":"2024-12-15T20:21:25","guid":{"rendered":"https:\/\/asamadeira.org\/?p=984"},"modified":"2024-12-15T20:21:25","modified_gmt":"2024-12-15T20:21:25","slug":"tecnicos-da-asa-doam-latas-de-produtos-alimentares","status":"publish","type":"post","link":"https:\/\/asamadeira.org\/?p=984","title":{"rendered":"T\u00e9cnicos da ASA doam latas de produtos alimentares"},"content":{"rendered":"\n<p>Hoje foi um dia de doa\u00e7\u00e3o de bens alimentares para os t\u00e9cnicos da ASA.<\/p>\n\n\n\n<p>A SS Financial \u00e9 a entidade parceira que &#8220;recolhe&#8221; as latas e constr\u00f3i uma \u00c1rvore Solid\u00e1ria.<\/p>\n\n\n\n<p>Estes produtos ser\u00e3o entregues na Mercearia Social da associa\u00e7\u00e3o<\/p>\n\n\n\n<p><a><\/a>Tratar-se de um projeto nacional e a ASA pelo segundo ano consecutivo \u00e9 a benefici\u00e1ria.<\/p>\n\n\n\n<p>AJUDE-NOS A AJUDAR&#8230; Entregue uma lata e vamos construir uma grande \u00c1rvore de Natal.<\/p>\n\n\n\n<figure class=\"wp-block-gallery has-nested-images columns-default is-cropped wp-block-gallery-1 is-layout-flex wp-block-gallery-is-layout-flex\">\n<figure class=\"wp-block-image size-large\"><img loading=\"lazy\" decoding=\"async\" width=\"730\" height=\"1024\" data-id=\"986\" src=\"https:\/\/asamadeira.org\/wp-content\/uploads\/2024\/12\/470169348_571858375553471_5068909091971025944_n-730x1024.jpg\" alt=\"\" class=\"wp-image-986\" srcset=\"https:\/\/asamadeira.org\/wp-content\/uploads\/2024\/12\/470169348_571858375553471_5068909091971025944_n-730x1024.jpg 730w, https:\/\/asamadeira.org\/wp-content\/uploads\/2024\/12\/470169348_571858375553471_5068909091971025944_n-214x300.jpg 214w, https:\/\/asamadeira.org\/wp-content\/uploads\/2024\/12\/470169348_571858375553471_5068909091971025944_n-768x1077.jpg 768w, https:\/\/asamadeira.org\/wp-content\/uploads\/2024\/12\/470169348_571858375553471_5068909091971025944_n-300x421.jpg 300w, https:\/\/asamadeira.org\/wp-content\/uploads\/2024\/12\/470169348_571858375553471_5068909091971025944_n-850x1192.jpg 850w, https:\/\/asamadeira.org\/wp-content\/uploads\/2024\/12\/470169348_571858375553471_5068909091971025944_n.jpg 946w\" sizes=\"(max-width: 730px) 100vw, 730px\" \/><\/figure>\n\n\n\n<figure class=\"wp-block-image size-large\"><img loading=\"lazy\" decoding=\"async\" width=\"1024\" height=\"768\" data-id=\"987\" src=\"https:\/\/asamadeira.org\/wp-content\/uploads\/2024\/12\/470177073_571858345553474_3687945628939875244_n-1-1024x768.jpg\" alt=\"\" class=\"wp-image-987\" srcset=\"https:\/\/asamadeira.org\/wp-content\/uploads\/2024\/12\/470177073_571858345553474_3687945628939875244_n-1-1024x768.jpg 1024w, https:\/\/asamadeira.org\/wp-content\/uploads\/2024\/12\/470177073_571858345553474_3687945628939875244_n-1-300x225.jpg 300w, https:\/\/asamadeira.org\/wp-content\/uploads\/2024\/12\/470177073_571858345553474_3687945628939875244_n-1-768x576.jpg 768w, https:\/\/asamadeira.org\/wp-content\/uploads\/2024\/12\/470177073_571858345553474_3687945628939875244_n-1-1536x1152.jpg 1536w, https:\/\/asamadeira.org\/wp-content\/uploads\/2024\/12\/470177073_571858345553474_3687945628939875244_n-1-850x638.jpg 850w, https:\/\/asamadeira.org\/wp-content\/uploads\/2024\/12\/470177073_571858345553474_3687945628939875244_n-1.jpg 2048w\" sizes=\"(max-width: 1024px) 100vw, 1024px\" \/><\/figure>\n<\/figure>\n","protected":false},"excerpt":{"rendered":"<p>Hoje foi um dia de doa\u00e7\u00e3o de bens alimentares para os t\u00e9cnicos da ASA. A SS Financial \u00e9 a entidade parceira que &#8220;recolhe&#8221; as latas e constr\u00f3i uma \u00c1rvore Solid\u00e1ria. Estes produtos ser\u00e3o entregues na Mercearia Social da associa\u00e7\u00e3o Tratar-se de um projeto nacional e a ASA pelo segundo ano consecutivo \u00e9 a benefici\u00e1ria. AJUDE-NOS&#8230;<\/p>\n","protected":false},"author":3,"featured_media":985,"comment_status":"open","ping_status":"open","sticky":false,"template":"","format":"standard","meta":{"footnotes":""},"categories":[1],"tags":[],"class_list":["post-984","post","type-post","status-publish","format-standard","has-post-thumbnail","hentry","category-uncategorized"],"_links":{"self":[{"href":"https:\/\/asamadeira.org\/index.php?rest_route=\/wp\/v2\/posts\/984"}],"collection":[{"href":"https:\/\/asamadeira.org\/index.php?rest_route=\/wp\/v2\/posts"}],"about":[{"href":"https:\/\/asamadeira.org\/index.php?rest_route=\/wp\/v2\/types\/post"}],"author":[{"embeddable":true,"href":"https:\/\/asamadeira.org\/index.php?rest_route=\/wp\/v2\/users\/3"}],"replies":[{"embeddable":true,"href":"https:\/\/asamadeira.org\/index.php?rest_route=%2Fwp%2Fv2%2Fcomments&post=984"}],"version-history":[{"count":1,"href":"https:\/\/asamadeira.org\/index.php?rest_route=\/wp\/v2\/posts\/984\/revisions"}],"predecessor-version":[{"id":988,"href":"https:\/\/asamadeira.org\/index.php?rest_route=\/wp\/v2\/posts\/984\/revisions\/988"}],"wp:featuredmedia":[{"embeddable":true,"href":"https:\/\/asamadeira.org\/index.php?rest_route=\/wp\/v2\/media\/985"}],"wp:attachment":[{"href":"https:\/\/asamadeira.org\/index.php?rest_route=%2Fwp%2Fv2%2Fmedia&parent=984"}],"wp:term":[{"taxonomy":"category","embeddable":true,"href":"https:\/\/asamadeira.org\/index.php?rest_route=%2Fwp%2Fv2%2Fcategories&post=984"},{"taxonomy":"post_tag","embeddable":true,"href":"https:\/\/asamadeira.org\/index.php?rest_route=%2Fwp%2Fv2%2Ftags&post=984"}],"curies":[{"name":"wp","href":"https:\/\/api.w.org\/{rel}","templated":true}]}}