{"id":639,"date":"2022-07-22T10:04:53","date_gmt":"2022-07-22T10:04:53","guid":{"rendered":"https:\/\/asamadeira.org\/?p=639"},"modified":"2022-07-22T10:04:53","modified_gmt":"2022-07-22T10:04:53","slug":"brigadas-no-ativo","status":"publish","type":"post","link":"https:\/\/asamadeira.org\/?p=639","title":{"rendered":"Brigadas no ativo"},"content":{"rendered":"\n<p>Inserido no projeto C@pacitar, as Brigadas de Limpeza, vers\u00e3o 2022, est\u00e3o no terreno.<\/p>\n\n\n\n<p>Foram j\u00e1 algumas interven\u00e7\u00f5es executadas pelos &#8220;nossos&#8221; homens, em terrenos baldios e que podem ser foco de inc\u00eandios.<\/p>\n\n\n\n<figure class=\"wp-block-gallery columns-2 is-cropped wp-block-gallery-1 is-layout-flex wp-block-gallery-is-layout-flex\"><ul class=\"blocks-gallery-grid\"><li class=\"blocks-gallery-item\"><figure><img loading=\"lazy\" decoding=\"async\" width=\"578\" height=\"867\" src=\"https:\/\/asamadeira.org\/wp-content\/uploads\/2022\/07\/BL-2022-2.jpg\" alt=\"\" data-id=\"640\" data-full-url=\"https:\/\/asamadeira.org\/wp-content\/uploads\/2022\/07\/BL-2022-2.jpg\" data-link=\"https:\/\/asamadeira.org\/?attachment_id=640\" class=\"wp-image-640\" srcset=\"https:\/\/asamadeira.org\/wp-content\/uploads\/2022\/07\/BL-2022-2.jpg 578w, https:\/\/asamadeira.org\/wp-content\/uploads\/2022\/07\/BL-2022-2-200x300.jpg 200w, https:\/\/asamadeira.org\/wp-content\/uploads\/2022\/07\/BL-2022-2-300x450.jpg 300w\" sizes=\"(max-width: 578px) 100vw, 578px\" \/><\/figure><\/li><li class=\"blocks-gallery-item\"><figure><img loading=\"lazy\" decoding=\"async\" width=\"680\" height=\"960\" src=\"https:\/\/asamadeira.org\/wp-content\/uploads\/2022\/07\/BL-2022.jpg\" alt=\"\" data-id=\"641\" data-full-url=\"https:\/\/asamadeira.org\/wp-content\/uploads\/2022\/07\/BL-2022.jpg\" data-link=\"https:\/\/asamadeira.org\/?attachment_id=641\" class=\"wp-image-641\" srcset=\"https:\/\/asamadeira.org\/wp-content\/uploads\/2022\/07\/BL-2022.jpg 680w, https:\/\/asamadeira.org\/wp-content\/uploads\/2022\/07\/BL-2022-213x300.jpg 213w, https:\/\/asamadeira.org\/wp-content\/uploads\/2022\/07\/BL-2022-300x424.jpg 300w\" sizes=\"(max-width: 680px) 100vw, 680px\" \/><\/figure><\/li><\/ul><\/figure>\n","protected":false},"excerpt":{"rendered":"<p>Inserido no projeto C@pacitar, as Brigadas de Limpeza, vers\u00e3o 2022, est\u00e3o no terreno. Foram j\u00e1 algumas interven\u00e7\u00f5es executadas pelos &#8220;nossos&#8221; homens, em terrenos baldios e que podem ser foco de inc\u00eandios.<\/p>\n","protected":false},"author":3,"featured_media":641,"comment_status":"open","ping_status":"open","sticky":false,"template":"","format":"standard","meta":{"footnotes":""},"categories":[1],"tags":[],"class_list":["post-639","post","type-post","status-publish","format-standard","has-post-thumbnail","hentry","category-uncategorized"],"_links":{"self":[{"href":"https:\/\/asamadeira.org\/index.php?rest_route=\/wp\/v2\/posts\/639"}],"collection":[{"href":"https:\/\/asamadeira.org\/index.php?rest_route=\/wp\/v2\/posts"}],"about":[{"href":"https:\/\/asamadeira.org\/index.php?rest_route=\/wp\/v2\/types\/post"}],"author":[{"embeddable":true,"href":"https:\/\/asamadeira.org\/index.php?rest_route=\/wp\/v2\/users\/3"}],"replies":[{"embeddable":true,"href":"https:\/\/asamadeira.org\/index.php?rest_route=%2Fwp%2Fv2%2Fcomments&post=639"}],"version-history":[{"count":1,"href":"https:\/\/asamadeira.org\/index.php?rest_route=\/wp\/v2\/posts\/639\/revisions"}],"predecessor-version":[{"id":642,"href":"https:\/\/asamadeira.org\/index.php?rest_route=\/wp\/v2\/posts\/639\/revisions\/642"}],"wp:featuredmedia":[{"embeddable":true,"href":"https:\/\/asamadeira.org\/index.php?rest_route=\/wp\/v2\/media\/641"}],"wp:attachment":[{"href":"https:\/\/asamadeira.org\/index.php?rest_route=%2Fwp%2Fv2%2Fmedia&parent=639"}],"wp:term":[{"taxonomy":"category","embeddable":true,"href":"https:\/\/asamadeira.org\/index.php?rest_route=%2Fwp%2Fv2%2Fcategories&post=639"},{"taxonomy":"post_tag","embeddable":true,"href":"https:\/\/asamadeira.org\/index.php?rest_route=%2Fwp%2Fv2%2Ftags&post=639"}],"curies":[{"name":"wp","href":"https:\/\/api.w.org\/{rel}","templated":true}]}}