{"id":1024,"date":"2025-03-24T12:35:16","date_gmt":"2025-03-24T12:35:16","guid":{"rendered":"https:\/\/asamadeira.org\/?p=1024"},"modified":"2025-03-24T12:35:16","modified_gmt":"2025-03-24T12:35:16","slug":"assinatura-do-protocolo-com-a-camara-municipal-do-funchal","status":"publish","type":"post","link":"https:\/\/asamadeira.org\/?p=1024","title":{"rendered":"Assinatura do Protocolo com a C\u00e2mara Municipal do Funchal"},"content":{"rendered":"\n<p>Assinatura do Protocolo com a C\u00e2mara Municipal do Funchal<\/p>\n\n\n\n<p>A ASA, assinou no passado dia 13 de mar\u00e7o o protocolo que visa o financiamento do projeto &#8220;+ Habita\u00e7\u00e3o&#8221; que decorrer\u00e1 no ano civil de 2025. <\/p>\n\n\n\n<p>Esta cerim\u00f3nia contou com a presen\u00e7a da Vereadora com o Pelouro da \u00e1rea social &#8211; Dra. Helena Leal.<\/p>\n\n\n\n<p>Com este projeto a associa\u00e7\u00e3o pretende atribuir apoios \u00e0s fam\u00edlias residentes no concelho, para adquirirem bens e materiais e, consequentemente, realizarem obras nas resid\u00eancias permanentes, pretendendo-se que sejam criadas mais valias nas condi\u00e7\u00f5es de habitabilidade.<\/p>\n\n\n\n<p>De acordo com o Plano Procedimento da ASA e em conformidade com a legisla\u00e7\u00e3o em vigor no municipio funchalense, para as obras de escassa relev\u00e2ncia, mais de uma centena de fam\u00edlias ir\u00e3o ser beneficiadas.<\/p>\n\n\n\n<figure class=\"wp-block-gallery has-nested-images columns-default is-cropped wp-block-gallery-1 is-layout-flex wp-block-gallery-is-layout-flex\">\n<figure class=\"wp-block-image size-large\"><img loading=\"lazy\" decoding=\"async\" width=\"768\" height=\"1024\" data-id=\"1026\" src=\"https:\/\/asamadeira.org\/wp-content\/uploads\/2025\/03\/Assinatura-do-protocolo-CMF2025-768x1024.jpg\" alt=\"\" class=\"wp-image-1026\" srcset=\"https:\/\/asamadeira.org\/wp-content\/uploads\/2025\/03\/Assinatura-do-protocolo-CMF2025-768x1024.jpg 768w, https:\/\/asamadeira.org\/wp-content\/uploads\/2025\/03\/Assinatura-do-protocolo-CMF2025-225x300.jpg 225w, https:\/\/asamadeira.org\/wp-content\/uploads\/2025\/03\/Assinatura-do-protocolo-CMF2025-1152x1536.jpg 1152w, https:\/\/asamadeira.org\/wp-content\/uploads\/2025\/03\/Assinatura-do-protocolo-CMF2025-300x400.jpg 300w, https:\/\/asamadeira.org\/wp-content\/uploads\/2025\/03\/Assinatura-do-protocolo-CMF2025-850x1133.jpg 850w, https:\/\/asamadeira.org\/wp-content\/uploads\/2025\/03\/Assinatura-do-protocolo-CMF2025.jpg 1200w\" sizes=\"(max-width: 768px) 100vw, 768px\" \/><\/figure>\n\n\n\n<figure class=\"wp-block-image size-large\"><img loading=\"lazy\" decoding=\"async\" width=\"768\" height=\"1024\" data-id=\"1029\" src=\"https:\/\/asamadeira.org\/wp-content\/uploads\/2025\/03\/Imagem-WhatsApp-2025-03-24-as-12.17.14_1d8aca32-1-768x1024.jpg\" alt=\"\" class=\"wp-image-1029\" srcset=\"https:\/\/asamadeira.org\/wp-content\/uploads\/2025\/03\/Imagem-WhatsApp-2025-03-24-as-12.17.14_1d8aca32-1-768x1024.jpg 768w, https:\/\/asamadeira.org\/wp-content\/uploads\/2025\/03\/Imagem-WhatsApp-2025-03-24-as-12.17.14_1d8aca32-1-225x300.jpg 225w, https:\/\/asamadeira.org\/wp-content\/uploads\/2025\/03\/Imagem-WhatsApp-2025-03-24-as-12.17.14_1d8aca32-1-1152x1536.jpg 1152w, https:\/\/asamadeira.org\/wp-content\/uploads\/2025\/03\/Imagem-WhatsApp-2025-03-24-as-12.17.14_1d8aca32-1-300x400.jpg 300w, https:\/\/asamadeira.org\/wp-content\/uploads\/2025\/03\/Imagem-WhatsApp-2025-03-24-as-12.17.14_1d8aca32-1-850x1133.jpg 850w, https:\/\/asamadeira.org\/wp-content\/uploads\/2025\/03\/Imagem-WhatsApp-2025-03-24-as-12.17.14_1d8aca32-1.jpg 1200w\" sizes=\"(max-width: 768px) 100vw, 768px\" \/><\/figure>\n\n\n\n<figure class=\"wp-block-image size-large\"><img loading=\"lazy\" decoding=\"async\" width=\"768\" height=\"1024\" data-id=\"1028\" src=\"https:\/\/asamadeira.org\/wp-content\/uploads\/2025\/03\/Imagem-WhatsApp-2025-03-24-as-12.17.14_2a9267a0-768x1024.jpg\" alt=\"\" class=\"wp-image-1028\" srcset=\"https:\/\/asamadeira.org\/wp-content\/uploads\/2025\/03\/Imagem-WhatsApp-2025-03-24-as-12.17.14_2a9267a0-768x1024.jpg 768w, https:\/\/asamadeira.org\/wp-content\/uploads\/2025\/03\/Imagem-WhatsApp-2025-03-24-as-12.17.14_2a9267a0-225x300.jpg 225w, https:\/\/asamadeira.org\/wp-content\/uploads\/2025\/03\/Imagem-WhatsApp-2025-03-24-as-12.17.14_2a9267a0-1152x1536.jpg 1152w, https:\/\/asamadeira.org\/wp-content\/uploads\/2025\/03\/Imagem-WhatsApp-2025-03-24-as-12.17.14_2a9267a0-300x400.jpg 300w, https:\/\/asamadeira.org\/wp-content\/uploads\/2025\/03\/Imagem-WhatsApp-2025-03-24-as-12.17.14_2a9267a0-850x1133.jpg 850w, https:\/\/asamadeira.org\/wp-content\/uploads\/2025\/03\/Imagem-WhatsApp-2025-03-24-as-12.17.14_2a9267a0.jpg 1200w\" sizes=\"(max-width: 768px) 100vw, 768px\" \/><\/figure>\n\n\n\n<figure class=\"wp-block-image size-large\"><img loading=\"lazy\" decoding=\"async\" width=\"1024\" height=\"768\" data-id=\"1027\" src=\"https:\/\/asamadeira.org\/wp-content\/uploads\/2025\/03\/Imagem-WhatsApp-2025-03-24-as-12.17.14_2f756652-1024x768.jpg\" alt=\"\" class=\"wp-image-1027\" srcset=\"https:\/\/asamadeira.org\/wp-content\/uploads\/2025\/03\/Imagem-WhatsApp-2025-03-24-as-12.17.14_2f756652-1024x768.jpg 1024w, https:\/\/asamadeira.org\/wp-content\/uploads\/2025\/03\/Imagem-WhatsApp-2025-03-24-as-12.17.14_2f756652-300x225.jpg 300w, https:\/\/asamadeira.org\/wp-content\/uploads\/2025\/03\/Imagem-WhatsApp-2025-03-24-as-12.17.14_2f756652-768x576.jpg 768w, https:\/\/asamadeira.org\/wp-content\/uploads\/2025\/03\/Imagem-WhatsApp-2025-03-24-as-12.17.14_2f756652-1536x1152.jpg 1536w, https:\/\/asamadeira.org\/wp-content\/uploads\/2025\/03\/Imagem-WhatsApp-2025-03-24-as-12.17.14_2f756652-850x638.jpg 850w, https:\/\/asamadeira.org\/wp-content\/uploads\/2025\/03\/Imagem-WhatsApp-2025-03-24-as-12.17.14_2f756652.jpg 1600w\" sizes=\"(max-width: 1024px) 100vw, 1024px\" \/><\/figure>\n\n\n\n<figure class=\"wp-block-image size-large\"><img loading=\"lazy\" decoding=\"async\" width=\"768\" height=\"1024\" data-id=\"1030\" src=\"https:\/\/asamadeira.org\/wp-content\/uploads\/2025\/03\/Imagem-WhatsApp-2025-03-24-as-12.17.14_f0fb3937-768x1024.jpg\" alt=\"\" class=\"wp-image-1030\" srcset=\"https:\/\/asamadeira.org\/wp-content\/uploads\/2025\/03\/Imagem-WhatsApp-2025-03-24-as-12.17.14_f0fb3937-768x1024.jpg 768w, https:\/\/asamadeira.org\/wp-content\/uploads\/2025\/03\/Imagem-WhatsApp-2025-03-24-as-12.17.14_f0fb3937-225x300.jpg 225w, https:\/\/asamadeira.org\/wp-content\/uploads\/2025\/03\/Imagem-WhatsApp-2025-03-24-as-12.17.14_f0fb3937-1152x1536.jpg 1152w, https:\/\/asamadeira.org\/wp-content\/uploads\/2025\/03\/Imagem-WhatsApp-2025-03-24-as-12.17.14_f0fb3937-300x400.jpg 300w, https:\/\/asamadeira.org\/wp-content\/uploads\/2025\/03\/Imagem-WhatsApp-2025-03-24-as-12.17.14_f0fb3937-850x1133.jpg 850w, https:\/\/asamadeira.org\/wp-content\/uploads\/2025\/03\/Imagem-WhatsApp-2025-03-24-as-12.17.14_f0fb3937.jpg 1200w\" sizes=\"(max-width: 768px) 100vw, 768px\" \/><\/figure>\n<\/figure>\n","protected":false},"excerpt":{"rendered":"<p>Assinatura do Protocolo com a C\u00e2mara Municipal do Funchal A ASA, assinou no passado dia 13 de mar\u00e7o o protocolo que visa o financiamento do projeto &#8220;+ Habita\u00e7\u00e3o&#8221; que decorrer\u00e1 no ano civil de 2025. Esta cerim\u00f3nia contou com a presen\u00e7a da Vereadora com o Pelouro da \u00e1rea social &#8211; Dra. Helena Leal. Com este&#8230;<\/p>\n","protected":false},"author":3,"featured_media":0,"comment_status":"open","ping_status":"open","sticky":false,"template":"","format":"standard","meta":{"footnotes":""},"categories":[1],"tags":[],"class_list":["post-1024","post","type-post","status-publish","format-standard","hentry","category-uncategorized"],"_links":{"self":[{"href":"https:\/\/asamadeira.org\/index.php?rest_route=\/wp\/v2\/posts\/1024"}],"collection":[{"href":"https:\/\/asamadeira.org\/index.php?rest_route=\/wp\/v2\/posts"}],"about":[{"href":"https:\/\/asamadeira.org\/index.php?rest_route=\/wp\/v2\/types\/post"}],"author":[{"embeddable":true,"href":"https:\/\/asamadeira.org\/index.php?rest_route=\/wp\/v2\/users\/3"}],"replies":[{"embeddable":true,"href":"https:\/\/asamadeira.org\/index.php?rest_route=%2Fwp%2Fv2%2Fcomments&post=1024"}],"version-history":[{"count":1,"href":"https:\/\/asamadeira.org\/index.php?rest_route=\/wp\/v2\/posts\/1024\/revisions"}],"predecessor-version":[{"id":1031,"href":"https:\/\/asamadeira.org\/index.php?rest_route=\/wp\/v2\/posts\/1024\/revisions\/1031"}],"wp:attachment":[{"href":"https:\/\/asamadeira.org\/index.php?rest_route=%2Fwp%2Fv2%2Fmedia&parent=1024"}],"wp:term":[{"taxonomy":"category","embeddable":true,"href":"https:\/\/asamadeira.org\/index.php?rest_route=%2Fwp%2Fv2%2Fcategories&post=1024"},{"taxonomy":"post_tag","embeddable":true,"href":"https:\/\/asamadeira.org\/index.php?rest_route=%2Fwp%2Fv2%2Ftags&post=1024"}],"curies":[{"name":"wp","href":"https:\/\/api.w.org\/{rel}","templated":true}]}}