{"id":1006,"date":"2025-03-10T12:19:22","date_gmt":"2025-03-10T12:19:22","guid":{"rendered":"https:\/\/asamadeira.org\/?p=1006"},"modified":"2025-03-11T18:30:58","modified_gmt":"2025-03-11T18:30:58","slug":"consignacao-do-irs-2023-rendeu","status":"publish","type":"post","link":"https:\/\/asamadeira.org\/?p=1006","title":{"rendered":"Consigna\u00e7\u00e3o do IRS 2023 rendeu"},"content":{"rendered":"\n<p>Atrav\u00e9s da consigna\u00e7\u00e3o do IRS de 2023, a ASA recebeu o valor de 4 213,31 \u20ac, sendo quase o dobro do montante arrecadado no ano passado. <\/p>\n\n\n\n<p>A verba ser\u00e1 canalizada para atribui\u00e7\u00e3o de apoios ao abrigo do projeto ASA &#8211; Apoio Socialmente Aleat\u00f3rio.<\/p>\n\n\n\n<p>O nosso muito OBRIGADO!<\/p>\n\n\n\n<figure class=\"wp-block-image size-full\"><img loading=\"lazy\" decoding=\"async\" width=\"940\" height=\"788\" src=\"https:\/\/asamadeira.org\/wp-content\/uploads\/2025\/03\/CONSIGNACAO-IRS-PNG.png\" alt=\"\" class=\"wp-image-1012\" srcset=\"https:\/\/asamadeira.org\/wp-content\/uploads\/2025\/03\/CONSIGNACAO-IRS-PNG.png 940w, https:\/\/asamadeira.org\/wp-content\/uploads\/2025\/03\/CONSIGNACAO-IRS-PNG-300x251.png 300w, https:\/\/asamadeira.org\/wp-content\/uploads\/2025\/03\/CONSIGNACAO-IRS-PNG-768x644.png 768w, https:\/\/asamadeira.org\/wp-content\/uploads\/2025\/03\/CONSIGNACAO-IRS-PNG-850x713.png 850w\" sizes=\"(max-width: 940px) 100vw, 940px\" \/><\/figure>\n\n\n\n<p><br><\/p>\n","protected":false},"excerpt":{"rendered":"<p>Atrav\u00e9s da consigna\u00e7\u00e3o do IRS de 2023, a ASA recebeu o valor de 4 213,31 \u20ac, sendo quase o dobro do montante arrecadado no ano passado. A verba ser\u00e1 canalizada para atribui\u00e7\u00e3o de apoios ao abrigo do projeto ASA &#8211; Apoio Socialmente Aleat\u00f3rio. O nosso muito OBRIGADO!<\/p>\n","protected":false},"author":3,"featured_media":1007,"comment_status":"open","ping_status":"open","sticky":false,"template":"","format":"standard","meta":{"footnotes":""},"categories":[1],"tags":[],"class_list":["post-1006","post","type-post","status-publish","format-standard","has-post-thumbnail","hentry","category-uncategorized"],"_links":{"self":[{"href":"https:\/\/asamadeira.org\/index.php?rest_route=\/wp\/v2\/posts\/1006"}],"collection":[{"href":"https:\/\/asamadeira.org\/index.php?rest_route=\/wp\/v2\/posts"}],"about":[{"href":"https:\/\/asamadeira.org\/index.php?rest_route=\/wp\/v2\/types\/post"}],"author":[{"embeddable":true,"href":"https:\/\/asamadeira.org\/index.php?rest_route=\/wp\/v2\/users\/3"}],"replies":[{"embeddable":true,"href":"https:\/\/asamadeira.org\/index.php?rest_route=%2Fwp%2Fv2%2Fcomments&post=1006"}],"version-history":[{"count":2,"href":"https:\/\/asamadeira.org\/index.php?rest_route=\/wp\/v2\/posts\/1006\/revisions"}],"predecessor-version":[{"id":1013,"href":"https:\/\/asamadeira.org\/index.php?rest_route=\/wp\/v2\/posts\/1006\/revisions\/1013"}],"wp:featuredmedia":[{"embeddable":true,"href":"https:\/\/asamadeira.org\/index.php?rest_route=\/wp\/v2\/media\/1007"}],"wp:attachment":[{"href":"https:\/\/asamadeira.org\/index.php?rest_route=%2Fwp%2Fv2%2Fmedia&parent=1006"}],"wp:term":[{"taxonomy":"category","embeddable":true,"href":"https:\/\/asamadeira.org\/index.php?rest_route=%2Fwp%2Fv2%2Fcategories&post=1006"},{"taxonomy":"post_tag","embeddable":true,"href":"https:\/\/asamadeira.org\/index.php?rest_route=%2Fwp%2Fv2%2Ftags&post=1006"}],"curies":[{"name":"wp","href":"https:\/\/api.w.org\/{rel}","templated":true}]}}